{"id":1850,"date":"2023-04-23T18:40:12","date_gmt":"2023-04-23T21:40:12","guid":{"rendered":"https:\/\/ecch-bue.infd.edu.ar\/sitio\/?p=1850"},"modified":"2023-04-23T18:46:13","modified_gmt":"2023-04-23T21:46:13","slug":"dificil-cobertura-taller-de-texto","status":"publish","type":"post","link":"https:\/\/ecch-bue.infd.edu.ar\/sitio\/dificil-cobertura-taller-de-texto\/","title":{"rendered":"Dif\u00edcil Cobertura Taller de Texto"},"content":{"rendered":"\n<p>&nbsp;<br>&nbsp;&nbsp;&nbsp;&nbsp;&nbsp;&nbsp;&nbsp;&nbsp;&nbsp;&nbsp;&nbsp;&nbsp;&nbsp;&nbsp;&nbsp; &nbsp;&nbsp;&nbsp;&nbsp;&nbsp;&nbsp;&nbsp;&nbsp;&nbsp;&nbsp;&nbsp;&nbsp;&nbsp;&nbsp;&nbsp;&nbsp;&nbsp;&nbsp;&nbsp;&nbsp;&nbsp;&nbsp;&nbsp;&nbsp;&nbsp;&nbsp;&nbsp;&nbsp;&nbsp;&nbsp;&nbsp;&nbsp;&nbsp;&nbsp;&nbsp;&nbsp;&nbsp;&nbsp;&nbsp;&nbsp;&nbsp;&nbsp;&nbsp;&nbsp;&nbsp;&nbsp;&nbsp;&nbsp;&nbsp;&nbsp;&nbsp;&nbsp;&nbsp;&nbsp;&nbsp;&nbsp;&nbsp;<br>Carrera: Tecnicatura en Ilustraci\u00f3n<br>Materia: Taller de Texto<br>A\u00f1o: Primer a\u00f1o<br>Dos M\u00f3dulos<\/p>\n\n\n\n<p>Cronograma de acciones, enmarcado en la Normativa para Dif\u00edcil Cobertura en los<br>Institutos Superiores de Educaci\u00f3n Art\u00edstica. Disposici\u00f3n 10-20 de la DEAr.<br>&nbsp;<br>Difusi\u00f3n: 17 al 24 de abril (6 d\u00edas h\u00e1biles)<br>Entrega de Proyectos: 25 de abril al 2 de mayo (5 d\u00edas h\u00e1biles)<br>Lectura de Proyectos: viernes 5 de mayo a las 11hs.<br>Fecha de entrevista: 12 de mayo a las 11hs.<br>Lugar: en la Instituci\u00f3n Escuela de Cer\u00e1mica de Chascom\u00fas ( Av. Pie. Alfons\u00edn 458)<br>&nbsp;<br><strong>COMISI\u00d3N EVALUADORA TITULAR<\/strong><br>Miembro del Equipo de Conducci\u00f3n\u2026\u2026\u2026.\u2026\u2026..\u2026\u2026Directora Alida Garc\u00eda Cuerva<br>Docente de la Instituci\u00f3n\u2026.\u2026\u2026\u2026\u2026\u2026\u2026.\u2026\u2026\u2026\u2026\u2026\u2026\u2026\u2026\u2026\u2026\u2026\u2026Julieta Navarro<br>Docente par de otra Instituci\u00f3n\u2026\u2026\u2026\u2026..\u2026\u2026\u2026\u2026\u2026\u2026..\u2026\u2026\u2026\u2026\u2026Guadalupe Borda<br>Alumno de la carrera\u2026\u2026\u2026\u2026\u2026\u2026.\u2026..\u2026\u2026\u2026\u2026\u2026\u2026\u2026\u2026\u2026\u2026\u2026\u2026\u2026.\u2026J\u00e9sica Dufour<br><br><strong>COMISI\u00d3N EVALUADORA SUPLENTE<\/strong><br>Miembro del Equipo de Conducci\u00f3n Suplente\u2026\u2026\u2026\u2026\u2026\u2026\u2026\u2026.\u2026Catalina C\u00e1ssera<br>Docente par de la Instituci\u00f3n\u2026\u2026\u2026\u2026\u2026\u2026\u2026.\u2026..\u2026\u2026\u2026\u2026\u2026\u2026\u2026\u2026\u2026\u2026.\u2026Mirta Conti<br>Docente de otra Instituci\u00f3n\u2026\u2026\u2026\u2026M. Laura Moul\u00eda (Conservatorio de Chascom\u00fas)<br>Alumno de la carrera\u2026\u2026\u2026\u2026\u2026\u2026\u2026\u2026\u2026\u2026\u2026\u2026\u2026\u2026\u2026\u2026\u2026\u2026.\u2026\u2026.\u2026Nicolas Belarra<\/p>\n\n\n\n<p><strong>CONTENIDOS M\u00cdNIMOS Y ORIENTACIONES<\/strong><\/p>\n\n\n\n<p>Taller de textos<\/p>\n\n\n\n<p>CONTENIDOS M\u00cdNIMOS (seg\u00fan Resoluciones N\u00b013253\/99):&nbsp;<br>*Producci\u00f3n y recepci\u00f3n de textos: en sus aspectos morfol\u00f3gicos, sem\u00e1nticos,<br>sint\u00e1cticos y pragm\u00e1ticos.<br>*An\u00e1lisis del discurso.<br>*Organizaci\u00f3n de la informaci\u00f3n.<br>*Tipolog\u00eda del discurso. Discurso argumentativo.<br>*Macro y super estructura del discurso.<br><br>La ilustraci\u00f3n se presenta en m\u00faltiples formatos y soportes. La encontramos<br>en textos escolares, libros ilustrados y libros \u00e1lbum, novelas gr\u00e1ficas e<br>historietas, afiches, estampillas, papel moneda, envases y etiquetas,<br>productos textiles, etc.<br><br>Tambi\u00e9n est\u00e1 presente en los nuevos medios de comunicaci\u00f3n, en entornos<br>virtuales, multimediales, presentaciones, cortometrajes animados, series<br>animadas y video juegos\/juegos interactivos. Abarcando diversos temas:<br>pol\u00edticos, culturales, cuestiones de g\u00e9nero, religi\u00f3n, lo t\u00e9cnico y cient\u00edfico,<br>comercial, institucional, humor, etc.<br><br>La diversidad de textos que debe abordar un ilustrador, implica la formulaci\u00f3n<br>de una propuesta pedag\u00f3gica que tenga en cuenta esta complejidad,<br>seleccionando y secuenciando los contenidos pertinentes.<br>Al elaborar la propuesta pedag\u00f3gica el aspirante deber\u00e1 tener en<br>cuenta:&nbsp;<\/p>\n\n\n\n<ol>\n<li>R\u00e9gimen Acad\u00e9mico Resoluci\u00f3n 4043\/09 y la Disposici\u00f3n 107\/10, que<br>conforman la normativa vigente para el Nivel y la Modalidad&nbsp;<\/li>\n\n\n\n<li>R\u00e9gimen Acad\u00e9mico Institucional.<\/li>\n\n\n\n<li>Disposici\u00f3n D10\/20 de la DEAr, prestar especial atenci\u00f3n a los Anexos<br>donde est\u00e1n las pautas de procedimiento, planillas de evaluaci\u00f3n.<br>Al elaborar la Demostraci\u00f3n Pr\u00e1ctica,&nbsp;que se presenta<br>indefectiblemente con la propuesta pedag\u00f3gica, el aspirante deber\u00e1<br>tener en cuenta:&nbsp;<\/li>\n\n\n\n<li>Que sea coherente con la Propuesta Pedag\u00f3gica&nbsp;<\/li>\n\n\n\n<li>Es condici\u00f3n que esta demostraci\u00f3n pr\u00e1ctica sea un ejemplo de<br>actividad o clase en entorno no presencial. Teniendo en cuenta que las<br>cursadas son presenciales, pero ante cualquier eventualidad la<br>instituci\u00f3n implementa las cursadas mixtas. Por esta raz\u00f3n es de suma<br>importancia que el aspirante maneje los recursos tecnol\u00f3gicos<br>disponibles.&nbsp;<\/li>\n<\/ol>\n\n\n\n<p>La Normativa vigente se puede encontrar en <a href=\"http:\/\/www.abc.gob.ar\">www.abc.gob.ar\/<\/a>, el<br>R\u00e9gimen Acad\u00e9mico Institucional se debe solicitar en la Direcci\u00f3n de la<br>Escuela para su consulta.&nbsp;<br>3.El medio de consulta y entrega de documentaci\u00f3n habilitado es el<br>correo electr\u00f3nico institucional:<br>escueladeceramicachascomus@abc.gob.ar<br>El Curriculum, el Proyecto Pedag\u00f3gico y la Demostraci\u00f3n Pr\u00e1ctica,<br>se entregan en UN SOLO MAIL.<br>En el Asunto: TALLER DE TEXTO 1\u00b0a\u00f1o T.I. y nombre del aspirante.<br>Las\/os aspirantes recibir\u00e1n un mail de confirmaci\u00f3n.<br>Ante cualquier dificultad de conectividad, se har\u00e1 entrega de toda la<br>documentaci\u00f3n en formato papel, en la Direcci\u00f3n del<br>establecimiento RESPETANDO LOS PLAZOS PREVISTOS.<br>El aspirante deber\u00e1 presentar sus antecedentes laborales<br>completos,&nbsp;incluyendo t\u00edtulo\/s habilitantes, 1\u00aa y 2\u00aa hoja del DNI, todo en<br>formato pdf.<\/p>\n\n\n\n<p>Durante el Ciclo Lectivo 2023 el Espacio curricular se cursa los Viernes de 15 a 17<br>hs.<\/p>\n\n\n\n<p>Por razones de organizaci\u00f3n institucional y para evitar superposiciones<br>no est\u00e1n previstos cambios de horarios.<\/p>\n","protected":false},"excerpt":{"rendered":"<p>&nbsp;&nbsp;&nbsp;&nbsp;&nbsp;&nbsp;&nbsp;&nbsp;&nbsp;&nbsp;&nbsp;&nbsp;&nbsp;&nbsp;&nbsp;&nbsp; &nbsp;&nbsp;&nbsp;&nbsp;&nbsp;&nbsp;&nbsp;&nbsp;&nbsp;&nbsp;&nbsp;&nbsp;&nbsp;&nbsp;&nbsp;&nbsp;&nbsp;&nbsp;&nbsp;&nbsp;&nbsp;&nbsp;&nbsp;&nbsp;&nbsp;&nbsp;&nbsp;&nbsp;&nbsp;&nbsp;&nbsp;&nbsp;&nbsp;&nbsp;&nbsp;&nbsp;&nbsp;&nbsp;&nbsp;&nbsp;&nbsp;&nbsp;&nbsp;&nbsp;&nbsp;&nbsp;&nbsp;&nbsp;&nbsp;&nbsp;&nbsp;&nbsp;&nbsp;&nbsp;&nbsp;&nbsp;&nbsp;Carrera: Tecnicatura en Ilustraci\u00f3nMateria: Taller de TextoA\u00f1o: Primer a\u00f1oDos M\u00f3dulos Cronograma de acciones, enmarcado en la Normativa para Dif\u00edcil Cobertura en losInstitutos Superiores de Educaci\u00f3n Art\u00edstica. Disposici\u00f3n 10-20 de la DEAr.&nbsp;Difusi\u00f3n: 17 al 24 de abril (6 d\u00edas h\u00e1biles)Entrega de Proyectos: 25 de abril al 2 de mayo (5 d\u00edas h\u00e1biles)Lectura de Proyectos: viernes &#8230; <a title=\"Dif\u00edcil Cobertura Taller de Texto\" class=\"read-more\" href=\"https:\/\/ecch-bue.infd.edu.ar\/sitio\/dificil-cobertura-taller-de-texto\/\" aria-label=\"More on Dif\u00edcil Cobertura Taller de Texto\">[+]<\/a><\/p>\n","protected":false},"author":47,"featured_media":0,"comment_status":"closed","ping_status":"closed","sticky":false,"template":"","format":"standard","meta":[],"categories":[7,6],"tags":[],"acf":[],"_links":{"self":[{"href":"https:\/\/ecch-bue.infd.edu.ar\/sitio\/wp-json\/wp\/v2\/posts\/1850"}],"collection":[{"href":"https:\/\/ecch-bue.infd.edu.ar\/sitio\/wp-json\/wp\/v2\/posts"}],"about":[{"href":"https:\/\/ecch-bue.infd.edu.ar\/sitio\/wp-json\/wp\/v2\/types\/post"}],"author":[{"embeddable":true,"href":"https:\/\/ecch-bue.infd.edu.ar\/sitio\/wp-json\/wp\/v2\/users\/47"}],"replies":[{"embeddable":true,"href":"https:\/\/ecch-bue.infd.edu.ar\/sitio\/wp-json\/wp\/v2\/comments?post=1850"}],"version-history":[{"count":2,"href":"https:\/\/ecch-bue.infd.edu.ar\/sitio\/wp-json\/wp\/v2\/posts\/1850\/revisions"}],"predecessor-version":[{"id":1852,"href":"https:\/\/ecch-bue.infd.edu.ar\/sitio\/wp-json\/wp\/v2\/posts\/1850\/revisions\/1852"}],"wp:attachment":[{"href":"https:\/\/ecch-bue.infd.edu.ar\/sitio\/wp-json\/wp\/v2\/media?parent=1850"}],"wp:term":[{"taxonomy":"category","embeddable":true,"href":"https:\/\/ecch-bue.infd.edu.ar\/sitio\/wp-json\/wp\/v2\/categories?post=1850"},{"taxonomy":"post_tag","embeddable":true,"href":"https:\/\/ecch-bue.infd.edu.ar\/sitio\/wp-json\/wp\/v2\/tags?post=1850"}],"curies":[{"name":"wp","href":"https:\/\/api.w.org\/{rel}","templated":true}]}}