{"id":1868,"date":"2023-06-09T12:12:05","date_gmt":"2023-06-09T15:12:05","guid":{"rendered":"https:\/\/ecch-bue.infd.edu.ar\/sitio\/?p=1868"},"modified":"2023-06-09T15:52:52","modified_gmt":"2023-06-09T18:52:52","slug":"diseno-logo-feria-de-arte-ciencia-y-tecnologia-region-17","status":"publish","type":"post","link":"https:\/\/ecch-bue.infd.edu.ar\/sitio\/diseno-logo-feria-de-arte-ciencia-y-tecnologia-region-17\/","title":{"rendered":"Dise\u00f1o Logo Feria de Arte, Ciencia y Tecnolog\u00eda Regi\u00f3n 17"},"content":{"rendered":"\n<p>La Jefe de \u00c1rea Catalina C\u00e1ssera y la Profesora Mar\u00eda Elena Gonz\u00e1lez trabajaron juntas en el dise\u00f1o del logo de Feria de Arte, Ciencia y Tecnolog\u00eda de la Regi\u00f3n 17<\/p>\n\n\n\n<iframe loading=\"lazy\" width=\"560\" height=\"315\" src=\"https:\/\/www.youtube.com\/embed\/YEos0CYwD0g\" title=\"YouTube video player\" frameborder=\"0\" allow=\"accelerometer; autoplay; clipboard-write; encrypted-media; gyroscope; picture-in-picture; web-share\" allowfullscreen=\"\"><\/iframe>\n\n\n\n<figure class=\"wp-block-image size-large\"><img decoding=\"async\" loading=\"lazy\" width=\"1900\" height=\"1900\" src=\"https:\/\/ecch-bue.infd.edu.ar\/sitio\/wp-content\/uploads\/2023\/06\/FeriaCiencias_logo_Mesa-de-trabajo-1-01-1-1900x1900.png\" alt=\"\" class=\"wp-image-1877\" srcset=\"https:\/\/ecch-bue.infd.edu.ar\/sitio\/wp-content\/uploads\/2023\/06\/FeriaCiencias_logo_Mesa-de-trabajo-1-01-1-1900x1900.png 1900w, https:\/\/ecch-bue.infd.edu.ar\/sitio\/wp-content\/uploads\/2023\/06\/FeriaCiencias_logo_Mesa-de-trabajo-1-01-1-1000x1000.png 1000w, https:\/\/ecch-bue.infd.edu.ar\/sitio\/wp-content\/uploads\/2023\/06\/FeriaCiencias_logo_Mesa-de-trabajo-1-01-1-500x500.png 500w, https:\/\/ecch-bue.infd.edu.ar\/sitio\/wp-content\/uploads\/2023\/06\/FeriaCiencias_logo_Mesa-de-trabajo-1-01-1-768x768.png 768w, https:\/\/ecch-bue.infd.edu.ar\/sitio\/wp-content\/uploads\/2023\/06\/FeriaCiencias_logo_Mesa-de-trabajo-1-01-1-1536x1536.png 1536w, https:\/\/ecch-bue.infd.edu.ar\/sitio\/wp-content\/uploads\/2023\/06\/FeriaCiencias_logo_Mesa-de-trabajo-1-01-1-2048x2048.png 2048w\" sizes=\"(max-width: 1900px) 100vw, 1900px\" \/><figcaption class=\"wp-element-caption\">Dise\u00f1ado por Catalina C\u00e1ssera y Mar\u00eda Elena Gonz\u00e1lez<\/figcaption><\/figure>\n\n\n\n<figure class=\"wp-block-image size-large\"><img decoding=\"async\" loading=\"lazy\" width=\"1900\" height=\"1900\" src=\"https:\/\/ecch-bue.infd.edu.ar\/sitio\/wp-content\/uploads\/2023\/06\/FeriaCiencias_logo_Mesa-de-trabajo-1-02-1900x1900.png\" alt=\"\" class=\"wp-image-1872\" srcset=\"https:\/\/ecch-bue.infd.edu.ar\/sitio\/wp-content\/uploads\/2023\/06\/FeriaCiencias_logo_Mesa-de-trabajo-1-02-1900x1900.png 1900w, https:\/\/ecch-bue.infd.edu.ar\/sitio\/wp-content\/uploads\/2023\/06\/FeriaCiencias_logo_Mesa-de-trabajo-1-02-1000x1000.png 1000w, https:\/\/ecch-bue.infd.edu.ar\/sitio\/wp-content\/uploads\/2023\/06\/FeriaCiencias_logo_Mesa-de-trabajo-1-02-500x500.png 500w, https:\/\/ecch-bue.infd.edu.ar\/sitio\/wp-content\/uploads\/2023\/06\/FeriaCiencias_logo_Mesa-de-trabajo-1-02-768x768.png 768w, https:\/\/ecch-bue.infd.edu.ar\/sitio\/wp-content\/uploads\/2023\/06\/FeriaCiencias_logo_Mesa-de-trabajo-1-02-1536x1536.png 1536w, https:\/\/ecch-bue.infd.edu.ar\/sitio\/wp-content\/uploads\/2023\/06\/FeriaCiencias_logo_Mesa-de-trabajo-1-02-2048x2048.png 2048w\" sizes=\"(max-width: 1900px) 100vw, 1900px\" \/><\/figure>\n","protected":false},"excerpt":{"rendered":"<p>La Jefe de \u00c1rea Catalina C\u00e1ssera y la Profesora Mar\u00eda Elena Gonz\u00e1lez trabajaron juntas en el dise\u00f1o del logo de Feria de Arte, Ciencia y Tecnolog\u00eda de la Regi\u00f3n 17<\/p>\n","protected":false},"author":47,"featured_media":0,"comment_status":"closed","ping_status":"closed","sticky":false,"template":"","format":"standard","meta":[],"categories":[7,6],"tags":[],"acf":[],"_links":{"self":[{"href":"https:\/\/ecch-bue.infd.edu.ar\/sitio\/wp-json\/wp\/v2\/posts\/1868"}],"collection":[{"href":"https:\/\/ecch-bue.infd.edu.ar\/sitio\/wp-json\/wp\/v2\/posts"}],"about":[{"href":"https:\/\/ecch-bue.infd.edu.ar\/sitio\/wp-json\/wp\/v2\/types\/post"}],"author":[{"embeddable":true,"href":"https:\/\/ecch-bue.infd.edu.ar\/sitio\/wp-json\/wp\/v2\/users\/47"}],"replies":[{"embeddable":true,"href":"https:\/\/ecch-bue.infd.edu.ar\/sitio\/wp-json\/wp\/v2\/comments?post=1868"}],"version-history":[{"count":4,"href":"https:\/\/ecch-bue.infd.edu.ar\/sitio\/wp-json\/wp\/v2\/posts\/1868\/revisions"}],"predecessor-version":[{"id":1878,"href":"https:\/\/ecch-bue.infd.edu.ar\/sitio\/wp-json\/wp\/v2\/posts\/1868\/revisions\/1878"}],"wp:attachment":[{"href":"https:\/\/ecch-bue.infd.edu.ar\/sitio\/wp-json\/wp\/v2\/media?parent=1868"}],"wp:term":[{"taxonomy":"category","embeddable":true,"href":"https:\/\/ecch-bue.infd.edu.ar\/sitio\/wp-json\/wp\/v2\/categories?post=1868"},{"taxonomy":"post_tag","embeddable":true,"href":"https:\/\/ecch-bue.infd.edu.ar\/sitio\/wp-json\/wp\/v2\/tags?post=1868"}],"curies":[{"name":"wp","href":"https:\/\/api.w.org\/{rel}","templated":true}]}}