{"id":1880,"date":"2023-06-12T16:14:46","date_gmt":"2023-06-12T19:14:46","guid":{"rendered":"https:\/\/ecch-bue.infd.edu.ar\/sitio\/?p=1880"},"modified":"2023-10-25T19:27:11","modified_gmt":"2023-10-25T22:27:11","slug":"se-charla-en-la-escuela-con-luciano-garbati","status":"publish","type":"post","link":"https:\/\/ecch-bue.infd.edu.ar\/sitio\/se-charla-en-la-escuela-con-luciano-garbati\/","title":{"rendered":"Se Charla en la Escuela con Luciano Garbati"},"content":{"rendered":"\n<figure class=\"wp-block-image size-large\"><img decoding=\"async\" loading=\"lazy\" width=\"1900\" height=\"1900\" src=\"https:\/\/ecch-bue.infd.edu.ar\/sitio\/wp-content\/uploads\/2023\/06\/LucianoGarbati_cuadrado-01-1900x1900.png\" alt=\"\" class=\"wp-image-1881\" srcset=\"https:\/\/ecch-bue.infd.edu.ar\/sitio\/wp-content\/uploads\/2023\/06\/LucianoGarbati_cuadrado-01-1900x1900.png 1900w, https:\/\/ecch-bue.infd.edu.ar\/sitio\/wp-content\/uploads\/2023\/06\/LucianoGarbati_cuadrado-01-1000x1000.png 1000w, https:\/\/ecch-bue.infd.edu.ar\/sitio\/wp-content\/uploads\/2023\/06\/LucianoGarbati_cuadrado-01-500x500.png 500w, https:\/\/ecch-bue.infd.edu.ar\/sitio\/wp-content\/uploads\/2023\/06\/LucianoGarbati_cuadrado-01-768x768.png 768w, https:\/\/ecch-bue.infd.edu.ar\/sitio\/wp-content\/uploads\/2023\/06\/LucianoGarbati_cuadrado-01-1536x1536.png 1536w, https:\/\/ecch-bue.infd.edu.ar\/sitio\/wp-content\/uploads\/2023\/06\/LucianoGarbati_cuadrado-01-2048x2048.png 2048w\" sizes=\"(max-width: 1900px) 100vw, 1900px\" \/><\/figure>\n\n\n\n<p>&#x1f4e2; \u00a1Atenci\u00f3n!. Estamos emocionados de anunciar el regreso del Ciclo Se Charla en la Escuela (modo presencial) con el reconocido escultor Luciano Garbati. &#x1f3a8;&#x1f5e3;&#xfe0f;<\/p>\n\n\n\n<p>Si eres un apasionado del arte y te encantar\u00eda sumergirte en la mente creativa de este talentoso escultor, no te puedes perder esta oportunidad \u00fanica.<\/p>\n\n\n\n<p>&#x1f5d3;&#xfe0f; Fecha: Jueves 26 de Octubre<\/p>\n\n\n\n<p>&#x23f0; Hora: 17hs<\/p>\n\n\n\n<p>&#x1f4cd; Lugar: Escuela de Cer\u00e1mica de Chascom\u00fas (Av. Pie. Alfons\u00edn 458)<\/p>\n\n\n\n<p>Durante estas charlas, Luciano Garbati compartir\u00e1 su proceso creativo, su inspiraci\u00f3n detr\u00e1s de sus obras y las historias que hay detr\u00e1s de cada una de ellas. Adem\u00e1s, tendr\u00e1s la oportunidad de hacerle preguntas y conocer m\u00e1s sobre su visi\u00f3n art\u00edstica.<\/p>\n\n\n\n<p>Esta Charla es organizada por la Profesora Mercedes Chrest\u00eda en el marco de los 40 a\u00f1os ininterrumpidos de la Democracia Argentina con colaboraci\u00f3n de la Municipalidad de Chascom\u00fas.-<\/p>\n\n\n\n<p>\u00a1Estamos ansiosos de compartir esta experiencia art\u00edstica contigo! &#x1f389;&#x1f3ad;&nbsp;<\/p>\n\n\n\n<p>\u00bfQuer\u00e9s saber m\u00e1s sobre Luciano Garbati antes de la Charla?.&nbsp;<\/p>\n\n\n\n<p>Visit\u00e1 su sitio web: <a rel=\"noreferrer noopener\" href=\"https:\/\/www.lucianogarbati.com\" target=\"_blank\">https:\/\/www.lucianogarbati.com<\/a><\/p>\n\n\n\n<p>Se Charla en la Escuela es un ciclo creado por las Profesoras Cecilia Ventura y Julieta Navarro.<br><a href=\"https:\/\/ecch-bue.infd.edu.ar\/sitio\/charlas\/\" target=\"_blank\" rel=\"noreferrer noopener\">https:\/\/ecch-bue.infd.edu.ar\/sitio\/charlas\/<\/a><\/p>\n\n\n\n<p>#CharlasConLucianoGarbati #Arte #Escultura #secharlaenlaescuela #SeCharlaEnLaEscuela2023<\/p>\n","protected":false},"excerpt":{"rendered":"<p>&#x1f4e2; \u00a1Atenci\u00f3n!. Estamos emocionados de anunciar el regreso del Ciclo Se Charla en la Escuela (modo presencial) con el reconocido escultor Luciano Garbati. &#x1f3a8;&#x1f5e3;&#xfe0f; Si eres un apasionado del arte y te encantar\u00eda sumergirte en la mente creativa de este talentoso escultor, no te puedes perder esta oportunidad \u00fanica. &#x1f5d3;&#xfe0f; Fecha: Jueves 26 de Octubre &#8230; <a title=\"Se Charla en la Escuela con Luciano Garbati\" class=\"read-more\" href=\"https:\/\/ecch-bue.infd.edu.ar\/sitio\/se-charla-en-la-escuela-con-luciano-garbati\/\" aria-label=\"More on Se Charla en la Escuela con Luciano Garbati\">[+]<\/a><\/p>\n","protected":false},"author":47,"featured_media":0,"comment_status":"closed","ping_status":"closed","sticky":false,"template":"","format":"standard","meta":[],"categories":[7,6],"tags":[],"acf":[],"_links":{"self":[{"href":"https:\/\/ecch-bue.infd.edu.ar\/sitio\/wp-json\/wp\/v2\/posts\/1880"}],"collection":[{"href":"https:\/\/ecch-bue.infd.edu.ar\/sitio\/wp-json\/wp\/v2\/posts"}],"about":[{"href":"https:\/\/ecch-bue.infd.edu.ar\/sitio\/wp-json\/wp\/v2\/types\/post"}],"author":[{"embeddable":true,"href":"https:\/\/ecch-bue.infd.edu.ar\/sitio\/wp-json\/wp\/v2\/users\/47"}],"replies":[{"embeddable":true,"href":"https:\/\/ecch-bue.infd.edu.ar\/sitio\/wp-json\/wp\/v2\/comments?post=1880"}],"version-history":[{"count":5,"href":"https:\/\/ecch-bue.infd.edu.ar\/sitio\/wp-json\/wp\/v2\/posts\/1880\/revisions"}],"predecessor-version":[{"id":1979,"href":"https:\/\/ecch-bue.infd.edu.ar\/sitio\/wp-json\/wp\/v2\/posts\/1880\/revisions\/1979"}],"wp:attachment":[{"href":"https:\/\/ecch-bue.infd.edu.ar\/sitio\/wp-json\/wp\/v2\/media?parent=1880"}],"wp:term":[{"taxonomy":"category","embeddable":true,"href":"https:\/\/ecch-bue.infd.edu.ar\/sitio\/wp-json\/wp\/v2\/categories?post=1880"},{"taxonomy":"post_tag","embeddable":true,"href":"https:\/\/ecch-bue.infd.edu.ar\/sitio\/wp-json\/wp\/v2\/tags?post=1880"}],"curies":[{"name":"wp","href":"https:\/\/api.w.org\/{rel}","templated":true}]}}