{"id":1890,"date":"2023-06-15T11:39:17","date_gmt":"2023-06-15T14:39:17","guid":{"rendered":"https:\/\/ecch-bue.infd.edu.ar\/sitio\/?p=1890"},"modified":"2023-06-15T11:39:19","modified_gmt":"2023-06-15T14:39:19","slug":"seminario-con-andrea-da-ponte","status":"publish","type":"post","link":"https:\/\/ecch-bue.infd.edu.ar\/sitio\/seminario-con-andrea-da-ponte\/","title":{"rendered":"Seminario con Andrea da Ponte"},"content":{"rendered":"\n<figure class=\"wp-block-image size-full\"><img decoding=\"async\" loading=\"lazy\" width=\"1080\" height=\"1080\" src=\"https:\/\/ecch-bue.infd.edu.ar\/sitio\/wp-content\/uploads\/2023\/06\/AndreadaPonte_ecch_2806_ok.png\" alt=\"\" class=\"wp-image-1891\" srcset=\"https:\/\/ecch-bue.infd.edu.ar\/sitio\/wp-content\/uploads\/2023\/06\/AndreadaPonte_ecch_2806_ok.png 1080w, https:\/\/ecch-bue.infd.edu.ar\/sitio\/wp-content\/uploads\/2023\/06\/AndreadaPonte_ecch_2806_ok-1000x1000.png 1000w, https:\/\/ecch-bue.infd.edu.ar\/sitio\/wp-content\/uploads\/2023\/06\/AndreadaPonte_ecch_2806_ok-500x500.png 500w, https:\/\/ecch-bue.infd.edu.ar\/sitio\/wp-content\/uploads\/2023\/06\/AndreadaPonte_ecch_2806_ok-768x768.png 768w\" sizes=\"(max-width: 1080px) 100vw, 1080px\" \/><\/figure>\n\n\n\n<p>&#x1f4e2; Nos complace anunciarles que la renombrada artista Andrea da Ponte estar\u00e1 ofreciendo un seminario gratuito sobre transferencia de Imagen al Vidrio en nuestra instituci\u00f3n educativa.\u00a0<\/p>\n\n\n\n<p>\u00a1Es una oportunidad \u00fanica para explorar nuevas t\u00e9cnicas de la mano de la extraordinaria, generosa e internacionalmente reconocida artista del vidrio&nbsp; y Profesora Andrea da Ponte!.<\/p>\n\n\n\n<p>Este encuentro se realizar\u00e1 en el marco del Curso de Extensi\u00f3n de Transferencia de Imagen a la Cer\u00e1mica y al Vidrio dictado por nuestra querida Profesora Marian Sabbatella &#x1f64c;<\/p>\n\n\n\n<p>&#x1f5d3;&#xfe0f; Fecha: Mi\u00e9rcoles 28 de Junio<\/p>\n\n\n\n<p>&#x23f0; Horario: 14hs<\/p>\n\n\n\n<p>&#x1f3db;&#xfe0f; Lugar: Escuela de Cer\u00e1mica de Chascom\u00fas (Av. Pte. Alfons\u00edn N\u00ba 458).<\/p>\n\n\n\n<p>&#x1f449;Para alumnos, ex alumnos, t\u00e9cnicos y docentes de la instituci\u00f3n.<\/p>\n\n\n\n<p>&#x1f449;Inscripci\u00f3n +54 (02241) 430464 &#8211; <a href=\"mailto:ecchascomus@gmail.com\" target=\"_blank\" rel=\"noreferrer noopener\">ecchascomus@gmail.com<\/a><\/p>\n\n\n\n<p>&#x1f39f;&#xfe0f; \u00a1Matr\u00edcula GRATUITA gracias a la valiosa colaboraci\u00f3n de insumos donados por<\/p>\n\n\n\n<p> &#x1f64c;<a href=\"https:\/\/www.instagram.com\/crecer_poles\/\" target=\"_blank\" rel=\"noreferrer noopener\">Crecer<\/a> y  &#x1f64c;Expo &#8211; Espejos (ex cristales Alfonso).<br><\/p>\n\n\n\n<p>&#x1f4e3;Las personas que asistan al seminario tendr\u00e1n que traer dos botellas de vidrio incoloro en las cuales realizar\u00e1n la transferencia de la imagen.<\/p>\n\n\n\n<p>\u00a1No dejes pasar esta oportunidad de aprender de una talentosa artista.<\/p>\n\n\n\n<p>\u00a1Te esperamos en el seminario de transferencia de Imagen al Vidrio con Andrea da Ponte&#x1f58c;&#xfe0f;&#x2728;<\/p>\n\n\n\n<p>\u00bfQuer\u00e9s conocer m\u00e1s sobre Andrea da Ponte?.&nbsp;<\/p>\n\n\n\n<figure class=\"wp-block-embed is-type-video is-provider-youtube wp-block-embed-youtube wp-embed-aspect-16-9 wp-has-aspect-ratio\"><div class=\"wp-block-embed__wrapper\">\n<iframe loading=\"lazy\" title=\"Se Charla en la Escuela 10 - Andrea da Ponte\" width=\"1200\" height=\"675\" src=\"https:\/\/www.youtube.com\/embed\/FdT3BMTWHj0?feature=oembed\" frameborder=\"0\" allow=\"accelerometer; autoplay; clipboard-write; encrypted-media; gyroscope; picture-in-picture; web-share\" allowfullscreen><\/iframe>\n<\/div><\/figure>\n","protected":false},"excerpt":{"rendered":"<p>&#x1f4e2; Nos complace anunciarles que la renombrada artista Andrea da Ponte estar\u00e1 ofreciendo un seminario gratuito sobre transferencia de Imagen al Vidrio en nuestra instituci\u00f3n educativa.\u00a0 \u00a1Es una oportunidad \u00fanica para explorar nuevas t\u00e9cnicas de la mano de la extraordinaria, generosa e internacionalmente reconocida artista del vidrio&nbsp; y Profesora Andrea da Ponte!. Este encuentro se &#8230; <a title=\"Seminario con Andrea da Ponte\" class=\"read-more\" href=\"https:\/\/ecch-bue.infd.edu.ar\/sitio\/seminario-con-andrea-da-ponte\/\" aria-label=\"More on Seminario con Andrea da Ponte\">[+]<\/a><\/p>\n","protected":false},"author":47,"featured_media":0,"comment_status":"closed","ping_status":"closed","sticky":false,"template":"","format":"standard","meta":[],"categories":[1],"tags":[],"acf":[],"_links":{"self":[{"href":"https:\/\/ecch-bue.infd.edu.ar\/sitio\/wp-json\/wp\/v2\/posts\/1890"}],"collection":[{"href":"https:\/\/ecch-bue.infd.edu.ar\/sitio\/wp-json\/wp\/v2\/posts"}],"about":[{"href":"https:\/\/ecch-bue.infd.edu.ar\/sitio\/wp-json\/wp\/v2\/types\/post"}],"author":[{"embeddable":true,"href":"https:\/\/ecch-bue.infd.edu.ar\/sitio\/wp-json\/wp\/v2\/users\/47"}],"replies":[{"embeddable":true,"href":"https:\/\/ecch-bue.infd.edu.ar\/sitio\/wp-json\/wp\/v2\/comments?post=1890"}],"version-history":[{"count":2,"href":"https:\/\/ecch-bue.infd.edu.ar\/sitio\/wp-json\/wp\/v2\/posts\/1890\/revisions"}],"predecessor-version":[{"id":1893,"href":"https:\/\/ecch-bue.infd.edu.ar\/sitio\/wp-json\/wp\/v2\/posts\/1890\/revisions\/1893"}],"wp:attachment":[{"href":"https:\/\/ecch-bue.infd.edu.ar\/sitio\/wp-json\/wp\/v2\/media?parent=1890"}],"wp:term":[{"taxonomy":"category","embeddable":true,"href":"https:\/\/ecch-bue.infd.edu.ar\/sitio\/wp-json\/wp\/v2\/categories?post=1890"},{"taxonomy":"post_tag","embeddable":true,"href":"https:\/\/ecch-bue.infd.edu.ar\/sitio\/wp-json\/wp\/v2\/tags?post=1890"}],"curies":[{"name":"wp","href":"https:\/\/api.w.org\/{rel}","templated":true}]}}