{"id":1951,"date":"2023-09-12T15:54:43","date_gmt":"2023-09-12T18:54:43","guid":{"rendered":"https:\/\/ecch-bue.infd.edu.ar\/sitio\/?p=1951"},"modified":"2023-09-15T12:57:27","modified_gmt":"2023-09-15T15:57:27","slug":"se-charla-en-la-escuela-con-daniela-cadile","status":"publish","type":"post","link":"https:\/\/ecch-bue.infd.edu.ar\/sitio\/se-charla-en-la-escuela-con-daniela-cadile\/","title":{"rendered":"Se Charla en la Escuela con Daniela Cadile"},"content":{"rendered":"\n<p><strong>El Viernes 22 de Septiembre a las 12 hs \u201cSe Charla en la escuela con Daniela Cadile\u201d.<\/strong><br><strong><br><\/strong>Ella es artista visual, gr\u00e1fica y t\u00e1ctil. Realiza libros en relieve, transcriptos en Braille y en tinta.<\/p>\n\n\n\n<p>Se dedica a la b\u00fasqueda e incursi\u00f3n de relieves h\u00e1pticos, sobre diferentes soportes para proyectos art\u00edsticos tangibles, auditivos y visuales, entre otros.<\/p>\n\n\n\n<p>Egresada y docente en la Facultad de Artes de la UNLP, distinguida por su tesis \u201cNueve gr\u00e1ficas tangibles\u201d. En la que transit\u00f3 su formaci\u00f3n como Licenciada en Artes Pl\u00e1sticas con Orientaci\u00f3n en Grabado y Arte Impreso.<\/p>\n\n\n\n<p>Participa de proyectos relacionados a la ceguera y ha conformado equipos para la realizaci\u00f3n de cuentos con relieve y texturas en Braille como \u201cCaperucita roja\u201d y \u201cDel otro lado del \u00e1rbol\u201d.<\/p>\n\n\n\n<p><img decoding=\"async\" alt=\"&#x1f49c;\" src=\"https:\/\/fonts.gstatic.com\/s\/e\/notoemoji\/15.0\/1f49c\/32.png\"><img decoding=\"async\" alt=\"&#x1f917;\" src=\"https:\/\/fonts.gstatic.com\/s\/e\/notoemoji\/15.0\/1f917\/32.png\">&nbsp;Despu\u00e9s de la charla habr\u00e1 un taller pr\u00e1ctico de gofrado optativo.<\/p>\n\n\n\n<p><strong><em>Daniela compartir\u00e1 su experiencia y saberes. \u00a1Te invitamos a participar<\/em><\/strong>!<\/p>\n\n\n\n<p><strong>Se Charla en La Escuela es un proyecto que desde el 2020 llevan adelante las Profesoras Cecilia Ventura y Julieta Navarro.<\/strong><\/p>\n\n\n\n<p>Podes inscribirte completando el siguiente formulario:<br><a href=\"https:\/\/forms.gle\/aioc4zN3Qg5Vr7cT8\" target=\"_blank\" rel=\"noreferrer noopener\">https:\/\/forms.gle\/aioc4zN3Qg5Vr7cT8<\/a><\/p>\n\n\n\n<figure class=\"wp-block-image size-large\"><img decoding=\"async\" loading=\"lazy\" width=\"1900\" height=\"1900\" src=\"https:\/\/ecch-bue.infd.edu.ar\/sitio\/wp-content\/uploads\/2023\/09\/SeCharlaconDanielaCadile-1-1900x1900.jpg\" alt=\"\" class=\"wp-image-1958\" srcset=\"https:\/\/ecch-bue.infd.edu.ar\/sitio\/wp-content\/uploads\/2023\/09\/SeCharlaconDanielaCadile-1-1900x1900.jpg 1900w, https:\/\/ecch-bue.infd.edu.ar\/sitio\/wp-content\/uploads\/2023\/09\/SeCharlaconDanielaCadile-1-1000x1000.jpg 1000w, https:\/\/ecch-bue.infd.edu.ar\/sitio\/wp-content\/uploads\/2023\/09\/SeCharlaconDanielaCadile-1-500x500.jpg 500w, https:\/\/ecch-bue.infd.edu.ar\/sitio\/wp-content\/uploads\/2023\/09\/SeCharlaconDanielaCadile-1-768x768.jpg 768w, https:\/\/ecch-bue.infd.edu.ar\/sitio\/wp-content\/uploads\/2023\/09\/SeCharlaconDanielaCadile-1-1536x1536.jpg 1536w, https:\/\/ecch-bue.infd.edu.ar\/sitio\/wp-content\/uploads\/2023\/09\/SeCharlaconDanielaCadile-1-2048x2048.jpg 2048w\" sizes=\"(max-width: 1900px) 100vw, 1900px\" \/><\/figure>\n","protected":false},"excerpt":{"rendered":"<p>El Viernes 22 de Septiembre a las 12 hs \u201cSe Charla en la escuela con Daniela Cadile\u201d.Ella es artista visual, gr\u00e1fica y t\u00e1ctil. Realiza libros en relieve, transcriptos en Braille y en tinta. Se dedica a la b\u00fasqueda e incursi\u00f3n de relieves h\u00e1pticos, sobre diferentes soportes para proyectos art\u00edsticos tangibles, auditivos y visuales, entre otros. &#8230; <a title=\"Se Charla en la Escuela con Daniela Cadile\" class=\"read-more\" href=\"https:\/\/ecch-bue.infd.edu.ar\/sitio\/se-charla-en-la-escuela-con-daniela-cadile\/\" aria-label=\"More on Se Charla en la Escuela con Daniela Cadile\">[+]<\/a><\/p>\n","protected":false},"author":47,"featured_media":0,"comment_status":"closed","ping_status":"closed","sticky":false,"template":"","format":"image","meta":[],"categories":[6],"tags":[25,26,23,24],"acf":[],"_links":{"self":[{"href":"https:\/\/ecch-bue.infd.edu.ar\/sitio\/wp-json\/wp\/v2\/posts\/1951"}],"collection":[{"href":"https:\/\/ecch-bue.infd.edu.ar\/sitio\/wp-json\/wp\/v2\/posts"}],"about":[{"href":"https:\/\/ecch-bue.infd.edu.ar\/sitio\/wp-json\/wp\/v2\/types\/post"}],"author":[{"embeddable":true,"href":"https:\/\/ecch-bue.infd.edu.ar\/sitio\/wp-json\/wp\/v2\/users\/47"}],"replies":[{"embeddable":true,"href":"https:\/\/ecch-bue.infd.edu.ar\/sitio\/wp-json\/wp\/v2\/comments?post=1951"}],"version-history":[{"count":6,"href":"https:\/\/ecch-bue.infd.edu.ar\/sitio\/wp-json\/wp\/v2\/posts\/1951\/revisions"}],"predecessor-version":[{"id":1963,"href":"https:\/\/ecch-bue.infd.edu.ar\/sitio\/wp-json\/wp\/v2\/posts\/1951\/revisions\/1963"}],"wp:attachment":[{"href":"https:\/\/ecch-bue.infd.edu.ar\/sitio\/wp-json\/wp\/v2\/media?parent=1951"}],"wp:term":[{"taxonomy":"category","embeddable":true,"href":"https:\/\/ecch-bue.infd.edu.ar\/sitio\/wp-json\/wp\/v2\/categories?post=1951"},{"taxonomy":"post_tag","embeddable":true,"href":"https:\/\/ecch-bue.infd.edu.ar\/sitio\/wp-json\/wp\/v2\/tags?post=1951"}],"curies":[{"name":"wp","href":"https:\/\/api.w.org\/{rel}","templated":true}]}}