{"id":1982,"date":"2023-11-21T18:55:54","date_gmt":"2023-11-21T21:55:54","guid":{"rendered":"https:\/\/ecch-bue.infd.edu.ar\/sitio\/?p=1982"},"modified":"2023-11-27T20:47:41","modified_gmt":"2023-11-27T23:47:41","slug":"obras-graficas-en-dialogo","status":"publish","type":"post","link":"https:\/\/ecch-bue.infd.edu.ar\/sitio\/obras-graficas-en-dialogo\/","title":{"rendered":"Obras gr\u00e1ficas en di\u00e1logo"},"content":{"rendered":"\n<p>Muestra de grabados de los alumnos de La Escuela de Cer\u00e1mica de Chascom\u00fas de la carrera de Profesorado de Artes Visuales con orientaci\u00f3n Grabado y Arte Impreso de 1ro, 2do y 3ero con tem\u00e1ticas y formatos diversos.<\/p>\n\n\n\n<p>Profesora a cargo Julieta Navarro.<\/p>\n\n\n\n<p><strong>INAUGURACI\u00d3N<\/strong> Jueves 23 de Noviembre 19hs en el <strong>Museo Pampeano de Chascom\u00fas<\/strong> (Av. Lastra y Mu\u00f1\u00edz)<\/p>\n\n\n\n<p>Se podr\u00e1 visitar desde el 23 de Noviembre hasta el 3 de Diciembre.<\/p>\n\n\n<p><iframe loading=\"lazy\" src=\"https:\/\/www.facebook.com\/plugins\/video.php?height=314&amp;href=https%3A%2F%2Fwww.facebook.com%2Fsomoschascomus%2Fvideos%2F710860767659344%2F&amp;show_text=false&amp;width=560&amp;t=0\" width=\"560\" height=\"314\" style=\"border:none;overflow:hidden\" scrolling=\"no\" frameborder=\"0\" allowfullscreen=\"true\" allow=\"autoplay; clipboard-write; encrypted-media; picture-in-picture; web-share\"><\/iframe><\/p>\n\n\n<figure class=\"wp-block-image size-full\"><img decoding=\"async\" loading=\"lazy\" width=\"800\" height=\"800\" src=\"https:\/\/ecch-bue.infd.edu.ar\/sitio\/wp-content\/uploads\/2023\/11\/WhatsApp-Image-2023-11-15-at-09.33.37.jpeg\" alt=\"\" class=\"wp-image-1985\" srcset=\"https:\/\/ecch-bue.infd.edu.ar\/sitio\/wp-content\/uploads\/2023\/11\/WhatsApp-Image-2023-11-15-at-09.33.37.jpeg 800w, https:\/\/ecch-bue.infd.edu.ar\/sitio\/wp-content\/uploads\/2023\/11\/WhatsApp-Image-2023-11-15-at-09.33.37-500x500.jpeg 500w, https:\/\/ecch-bue.infd.edu.ar\/sitio\/wp-content\/uploads\/2023\/11\/WhatsApp-Image-2023-11-15-at-09.33.37-768x768.jpeg 768w\" sizes=\"(max-width: 800px) 100vw, 800px\" \/><\/figure>\n\n\n\n<p><\/p>\n","protected":false},"excerpt":{"rendered":"<p>Muestra de grabados de los alumnos de La Escuela de Cer\u00e1mica de Chascom\u00fas de la carrera de Profesorado de Artes Visuales con orientaci\u00f3n Grabado y Arte Impreso de 1ro, 2do y 3ero con tem\u00e1ticas y formatos diversos. Profesora a cargo Julieta Navarro. INAUGURACI\u00d3N Jueves 23 de Noviembre 19hs en el Museo Pampeano de Chascom\u00fas (Av. &#8230; <a title=\"Obras gr\u00e1ficas en di\u00e1logo\" class=\"read-more\" href=\"https:\/\/ecch-bue.infd.edu.ar\/sitio\/obras-graficas-en-dialogo\/\" aria-label=\"More on Obras gr\u00e1ficas en di\u00e1logo\">[+]<\/a><\/p>\n","protected":false},"author":47,"featured_media":0,"comment_status":"closed","ping_status":"open","sticky":false,"template":"","format":"standard","meta":[],"categories":[6,1],"tags":[],"acf":[],"_links":{"self":[{"href":"https:\/\/ecch-bue.infd.edu.ar\/sitio\/wp-json\/wp\/v2\/posts\/1982"}],"collection":[{"href":"https:\/\/ecch-bue.infd.edu.ar\/sitio\/wp-json\/wp\/v2\/posts"}],"about":[{"href":"https:\/\/ecch-bue.infd.edu.ar\/sitio\/wp-json\/wp\/v2\/types\/post"}],"author":[{"embeddable":true,"href":"https:\/\/ecch-bue.infd.edu.ar\/sitio\/wp-json\/wp\/v2\/users\/47"}],"replies":[{"embeddable":true,"href":"https:\/\/ecch-bue.infd.edu.ar\/sitio\/wp-json\/wp\/v2\/comments?post=1982"}],"version-history":[{"count":3,"href":"https:\/\/ecch-bue.infd.edu.ar\/sitio\/wp-json\/wp\/v2\/posts\/1982\/revisions"}],"predecessor-version":[{"id":1988,"href":"https:\/\/ecch-bue.infd.edu.ar\/sitio\/wp-json\/wp\/v2\/posts\/1982\/revisions\/1988"}],"wp:attachment":[{"href":"https:\/\/ecch-bue.infd.edu.ar\/sitio\/wp-json\/wp\/v2\/media?parent=1982"}],"wp:term":[{"taxonomy":"category","embeddable":true,"href":"https:\/\/ecch-bue.infd.edu.ar\/sitio\/wp-json\/wp\/v2\/categories?post=1982"},{"taxonomy":"post_tag","embeddable":true,"href":"https:\/\/ecch-bue.infd.edu.ar\/sitio\/wp-json\/wp\/v2\/tags?post=1982"}],"curies":[{"name":"wp","href":"https:\/\/api.w.org\/{rel}","templated":true}]}}