{"id":2090,"date":"2024-03-20T21:37:27","date_gmt":"2024-03-21T00:37:27","guid":{"rendered":"https:\/\/ecch-bue.infd.edu.ar\/sitio\/?p=2090"},"modified":"2024-03-20T21:39:03","modified_gmt":"2024-03-21T00:39:03","slug":"dificil-cobertura-arte-publico","status":"publish","type":"post","link":"https:\/\/ecch-bue.infd.edu.ar\/sitio\/dificil-cobertura-arte-publico\/","title":{"rendered":"Dif\u00edcil Cobertura &#8211; Arte P\u00fablico"},"content":{"rendered":"\n<p>Llamado a conformaci\u00f3n de listado por la modalidad de Dif\u00edcil Cobertura (Disp. 50\/23) en la Escuela de Cer\u00e1mica de Chascom\u00fas para la cobertura del Taller de Extensi\u00f3n que se detalla a continuaci\u00f3n:<br>EXAVI: Taller de Arte P\u00fablico 02 M\u00f3dulos (Provisional).<br>D\u00eda y Horario: jueves de 18 a 20 hs.<\/p>\n\n\n\n<div class=\"wp-block-file\"><object class=\"wp-block-file__embed\" data=\"https:\/\/ecch-bue.infd.edu.ar\/sitio\/wp-content\/uploads\/2024\/03\/Difi\u0301cil-cobertura-Taller-de-extensio\u0301n-ARTE-PU\u0301BLICO.pdf\" type=\"application\/pdf\" style=\"width:100%;height:600px\" aria-label=\"Incrustado de Difi\u0301cil-cobertura-Taller-de-extensio\u0301n-ARTE-PU\u0301BLICO.\"><\/object><a id=\"wp-block-file--media-0a564c7a-8102-4ffe-b1ad-2978a845bb06\" href=\"https:\/\/ecch-bue.infd.edu.ar\/sitio\/wp-content\/uploads\/2024\/03\/Difi\u0301cil-cobertura-Taller-de-extensio\u0301n-ARTE-PU\u0301BLICO.pdf\">Difi\u0301cil-cobertura-Taller-de-extensio\u0301n-ARTE-PU\u0301BLICO<\/a><a href=\"https:\/\/ecch-bue.infd.edu.ar\/sitio\/wp-content\/uploads\/2024\/03\/Difi\u0301cil-cobertura-Taller-de-extensio\u0301n-ARTE-PU\u0301BLICO.pdf\" class=\"wp-block-file__button wp-element-button\" download aria-describedby=\"wp-block-file--media-0a564c7a-8102-4ffe-b1ad-2978a845bb06\">Descarga<\/a><\/div>\n","protected":false},"excerpt":{"rendered":"<p>Llamado a conformaci\u00f3n de listado por la modalidad de Dif\u00edcil Cobertura (Disp. 50\/23) en la Escuela de Cer\u00e1mica de Chascom\u00fas para la cobertura del Taller de Extensi\u00f3n que se detalla a continuaci\u00f3n:EXAVI: Taller de Arte P\u00fablico 02 M\u00f3dulos (Provisional).D\u00eda y Horario: jueves de 18 a 20 hs.<\/p>\n","protected":false},"author":47,"featured_media":0,"comment_status":"closed","ping_status":"closed","sticky":false,"template":"","format":"standard","meta":[],"categories":[6],"tags":[],"acf":[],"_links":{"self":[{"href":"https:\/\/ecch-bue.infd.edu.ar\/sitio\/wp-json\/wp\/v2\/posts\/2090"}],"collection":[{"href":"https:\/\/ecch-bue.infd.edu.ar\/sitio\/wp-json\/wp\/v2\/posts"}],"about":[{"href":"https:\/\/ecch-bue.infd.edu.ar\/sitio\/wp-json\/wp\/v2\/types\/post"}],"author":[{"embeddable":true,"href":"https:\/\/ecch-bue.infd.edu.ar\/sitio\/wp-json\/wp\/v2\/users\/47"}],"replies":[{"embeddable":true,"href":"https:\/\/ecch-bue.infd.edu.ar\/sitio\/wp-json\/wp\/v2\/comments?post=2090"}],"version-history":[{"count":1,"href":"https:\/\/ecch-bue.infd.edu.ar\/sitio\/wp-json\/wp\/v2\/posts\/2090\/revisions"}],"predecessor-version":[{"id":2092,"href":"https:\/\/ecch-bue.infd.edu.ar\/sitio\/wp-json\/wp\/v2\/posts\/2090\/revisions\/2092"}],"wp:attachment":[{"href":"https:\/\/ecch-bue.infd.edu.ar\/sitio\/wp-json\/wp\/v2\/media?parent=2090"}],"wp:term":[{"taxonomy":"category","embeddable":true,"href":"https:\/\/ecch-bue.infd.edu.ar\/sitio\/wp-json\/wp\/v2\/categories?post=2090"},{"taxonomy":"post_tag","embeddable":true,"href":"https:\/\/ecch-bue.infd.edu.ar\/sitio\/wp-json\/wp\/v2\/tags?post=2090"}],"curies":[{"name":"wp","href":"https:\/\/api.w.org\/{rel}","templated":true}]}}