{"id":2113,"date":"2024-05-02T08:26:09","date_gmt":"2024-05-02T11:26:09","guid":{"rendered":"https:\/\/ecch-bue.infd.edu.ar\/sitio\/?p=2113"},"modified":"2025-08-06T16:25:17","modified_gmt":"2025-08-06T19:25:17","slug":"taller-de-extension-para-jovenes","status":"publish","type":"post","link":"https:\/\/ecch-bue.infd.edu.ar\/sitio\/taller-de-extension-para-jovenes\/","title":{"rendered":"Taller de Extensi\u00f3n para J\u00f3venes"},"content":{"rendered":"\n<figure class=\"wp-block-image size-full\"><img decoding=\"async\" loading=\"lazy\" width=\"1024\" height=\"360\" src=\"https:\/\/ecch-bue.infd.edu.ar\/sitio\/wp-content\/uploads\/2025\/03\/artepublco_bannerweb.jpg\" alt=\"\" class=\"wp-image-2332\" srcset=\"https:\/\/ecch-bue.infd.edu.ar\/sitio\/wp-content\/uploads\/2025\/03\/artepublco_bannerweb.jpg 1024w, https:\/\/ecch-bue.infd.edu.ar\/sitio\/wp-content\/uploads\/2025\/03\/artepublco_bannerweb-1000x352.jpg 1000w, https:\/\/ecch-bue.infd.edu.ar\/sitio\/wp-content\/uploads\/2025\/03\/artepublco_bannerweb-768x270.jpg 768w\" sizes=\"(max-width: 1024px) 100vw, 1024px\" \/><\/figure>\n\n\n\n<p>La Escuela de Cer\u00e1mica de Chascom\u00fas invita a todos los J\u00f3venes a partir de los 15 a\u00f1os y hasta los 18 a participar del Taller Gratuito de Arte P\u00fablico que estar\u00e1 a cargo de la Artista y Profesora Eli Rodr\u00edguez.<\/p>\n\n\n\n<p>Este taller de extensi\u00f3n se propone integrar la dimensi\u00f3n del espacio p\u00fablico y la producci\u00f3n<br>art\u00edstica. <br>Durante el desarrollo del taller, se incentiva la apropiaci\u00f3n est\u00e9tica del espacio p\u00fablico mediante<br>la producci\u00f3n de murales, est\u00e9ncil, intervenciones urbanas ef\u00edmeras, happenings, performances,<br>esculturas monumentales, entre otras iniciativas que puedan surgir del grupo.<\/p>\n\n\n\n<p>La Pre Inscripci\u00f3n al Taller se realizar\u00e1 el<strong> MI\u00c9RCOLES 18 DE AGOSTO <\/strong> a partir de las <strong>18hs<\/strong> en <strong>La Escuela de Cer\u00e1mica.<\/strong><\/p>\n\n\n\n<p>El Taller de Arte P\u00fablico ser\u00e1 todos los mi\u00e9rcoles de 18 a 20hs en la Escuela de Cer\u00e1mica.<\/p>\n\n\n\n<p>\u00a1Los Esperamos!<\/p>\n\n\n\n<p>En el video podr\u00e1n observar los trabajos realizados en el Taller.<\/p>\n\n\n\n<figure class=\"wp-block-embed is-type-video is-provider-youtube wp-block-embed-youtube wp-embed-aspect-4-3 wp-has-aspect-ratio\"><div class=\"wp-block-embed__wrapper\">\n<iframe loading=\"lazy\" title=\"Taller de Arte P\u00fablico 2024 - Profesora Eli Rodr\u00edguez\" width=\"1200\" height=\"900\" src=\"https:\/\/www.youtube.com\/embed\/1SyrmdCT0tY?feature=oembed\" frameborder=\"0\" allow=\"accelerometer; autoplay; clipboard-write; encrypted-media; gyroscope; picture-in-picture; web-share\" referrerpolicy=\"strict-origin-when-cross-origin\" allowfullscreen><\/iframe>\n<\/div><\/figure>\n","protected":false},"excerpt":{"rendered":"<p>La Escuela de Cer\u00e1mica de Chascom\u00fas invita a todos los J\u00f3venes a partir de los 15 a\u00f1os y hasta los 18 a participar del Taller Gratuito de Arte P\u00fablico que estar\u00e1 a cargo de la Artista y Profesora Eli Rodr\u00edguez. Este taller de extensi\u00f3n se propone integrar la dimensi\u00f3n del espacio p\u00fablico y la producci\u00f3nart\u00edstica. &#8230; <a title=\"Taller de Extensi\u00f3n para J\u00f3venes\" class=\"read-more\" href=\"https:\/\/ecch-bue.infd.edu.ar\/sitio\/taller-de-extension-para-jovenes\/\" aria-label=\"More on Taller de Extensi\u00f3n para J\u00f3venes\">[+]<\/a><\/p>\n","protected":false},"author":47,"featured_media":0,"comment_status":"closed","ping_status":"closed","sticky":false,"template":"","format":"standard","meta":[],"categories":[6],"tags":[],"acf":[],"_links":{"self":[{"href":"https:\/\/ecch-bue.infd.edu.ar\/sitio\/wp-json\/wp\/v2\/posts\/2113"}],"collection":[{"href":"https:\/\/ecch-bue.infd.edu.ar\/sitio\/wp-json\/wp\/v2\/posts"}],"about":[{"href":"https:\/\/ecch-bue.infd.edu.ar\/sitio\/wp-json\/wp\/v2\/types\/post"}],"author":[{"embeddable":true,"href":"https:\/\/ecch-bue.infd.edu.ar\/sitio\/wp-json\/wp\/v2\/users\/47"}],"replies":[{"embeddable":true,"href":"https:\/\/ecch-bue.infd.edu.ar\/sitio\/wp-json\/wp\/v2\/comments?post=2113"}],"version-history":[{"count":5,"href":"https:\/\/ecch-bue.infd.edu.ar\/sitio\/wp-json\/wp\/v2\/posts\/2113\/revisions"}],"predecessor-version":[{"id":2369,"href":"https:\/\/ecch-bue.infd.edu.ar\/sitio\/wp-json\/wp\/v2\/posts\/2113\/revisions\/2369"}],"wp:attachment":[{"href":"https:\/\/ecch-bue.infd.edu.ar\/sitio\/wp-json\/wp\/v2\/media?parent=2113"}],"wp:term":[{"taxonomy":"category","embeddable":true,"href":"https:\/\/ecch-bue.infd.edu.ar\/sitio\/wp-json\/wp\/v2\/categories?post=2113"},{"taxonomy":"post_tag","embeddable":true,"href":"https:\/\/ecch-bue.infd.edu.ar\/sitio\/wp-json\/wp\/v2\/tags?post=2113"}],"curies":[{"name":"wp","href":"https:\/\/api.w.org\/{rel}","templated":true}]}}