{"id":2174,"date":"2024-11-19T00:15:42","date_gmt":"2024-11-19T03:15:42","guid":{"rendered":"https:\/\/ecch-bue.infd.edu.ar\/sitio\/?p=2174"},"modified":"2024-12-26T11:29:04","modified_gmt":"2024-12-26T14:29:04","slug":"araceli-medina-xylon-argentina","status":"publish","type":"post","link":"https:\/\/ecch-bue.infd.edu.ar\/sitio\/araceli-medina-xylon-argentina\/","title":{"rendered":"Araceli Medina &#8211; Xylon Argentina"},"content":{"rendered":"\n<p>La profesora y Grabadora de nuestra Instituci\u00f3n, Araceli Medina participa en la Sociedad Argentina de Grabadores Xylon y nos comparte su obra.<br><\/p>\n\n\n\n<figure class=\"wp-block-image size-full\"><img decoding=\"async\" loading=\"lazy\" width=\"1404\" height=\"993\" src=\"https:\/\/ecch-bue.infd.edu.ar\/sitio\/wp-content\/uploads\/2024\/11\/Grabado-y-poesia-111.jpg\" alt=\"\" class=\"wp-image-2175\" srcset=\"https:\/\/ecch-bue.infd.edu.ar\/sitio\/wp-content\/uploads\/2024\/11\/Grabado-y-poesia-111.jpg 1404w, https:\/\/ecch-bue.infd.edu.ar\/sitio\/wp-content\/uploads\/2024\/11\/Grabado-y-poesia-111-1000x707.jpg 1000w, https:\/\/ecch-bue.infd.edu.ar\/sitio\/wp-content\/uploads\/2024\/11\/Grabado-y-poesia-111-768x543.jpg 768w\" sizes=\"(max-width: 1404px) 100vw, 1404px\" \/><\/figure>\n\n\n\n<p><a rel=\"noreferrer noopener\" href=\"https:\/\/xylonargentina.weebly.com\/\" target=\"_blank\">Xylon Argentina<\/a> es una Sociedad de Grabadores, sin fines de lucro, cuyo objetivo principal es la valoraci\u00f3n, difusi\u00f3n y fomento del grabado en nuestro pa\u00eds. Les interesa generar debate sobre el qu\u00e9 hacer y contribuir a documentar la historia del grabado en Argentina, generando uni\u00f3n y camarader\u00eda entre grabadores, aprovechando distintos medios para la circulaci\u00f3n de im\u00e1genes y textos, compartiendo saberes sobre t\u00e9cnicas y generando espacios en donde compartir las distintas visiones sobre el grabado y la gr\u00e1fica. <\/p>\n\n\n\n<p>No buscan formar un mercado art\u00edstico ni promover iniciativas privadas. Se basan en el principio de solidaridad.&nbsp;<\/p>\n\n\n\n<p>En nuestro pa\u00eds hubo otras experiencias de asociacionismo en torno al grabado, que las recogen y analizan como una manera de definir su identidad. Cabe destacar la Sociedad de Grabadores de 1916 a 1918, El Club de la Estampa de 1965 a 1985, el Museo de la Xilograf\u00eda de La Plata (iniciativa de Edgardo Vigo). Todas ellas de un valor incalculable y que demuestran que est\u00e1 en el esp\u00edritu del grabador reunirse y formar colectivos.<\/p>\n\n\n\n<p>Adem\u00e1s, <a href=\"https:\/\/www.instagram.com\/xylonargentina\/\" target=\"_blank\" rel=\"noreferrer noopener\">Xylon<\/a> participa en las reuniones de Sociedades de Artistas y tiene entidad para proponer jurados al Sal\u00f3n Nacional y Municipal, comprometi\u00e9ndose a proponer a aquellos artistas que creen imparciales, conocedores del lenguaje y el oficio del grabado.&nbsp;<\/p>\n\n\n\n<p>Instagram Xylon Argentina: <a href=\"https:\/\/www.instagram.com\/xylonargentina\/\" target=\"_blank\" rel=\"noreferrer noopener\">https:\/\/www.instagram.com\/xylonargentina\/<\/a><\/p>\n\n\n\n<p>Instagram Araceli Medina: <a href=\"https:\/\/www.instagram.com\/aracelimedina80\/\" target=\"_blank\" rel=\"noreferrer noopener\">https:\/\/www.instagram.com\/aracelimedina80\/<\/a><\/p>\n\n\n\n<figure class=\"wp-block-gallery has-nested-images columns-default is-cropped wp-block-gallery-1 is-layout-flex\">\n<figure class=\"wp-block-image size-large\"><img decoding=\"async\" loading=\"lazy\" width=\"907\" height=\"1600\" data-id=\"2176\"  src=\"https:\/\/ecch-bue.infd.edu.ar\/sitio\/wp-content\/uploads\/2024\/11\/PHOTO-2024-11-12-16-11-30.jpg\" alt=\"\" class=\"wp-image-2176\" srcset=\"https:\/\/ecch-bue.infd.edu.ar\/sitio\/wp-content\/uploads\/2024\/11\/PHOTO-2024-11-12-16-11-30.jpg 907w, https:\/\/ecch-bue.infd.edu.ar\/sitio\/wp-content\/uploads\/2024\/11\/PHOTO-2024-11-12-16-11-30-567x1000.jpg 567w, https:\/\/ecch-bue.infd.edu.ar\/sitio\/wp-content\/uploads\/2024\/11\/PHOTO-2024-11-12-16-11-30-768x1355.jpg 768w, https:\/\/ecch-bue.infd.edu.ar\/sitio\/wp-content\/uploads\/2024\/11\/PHOTO-2024-11-12-16-11-30-871x1536.jpg 871w\" sizes=\"(max-width: 907px) 100vw, 907px\" \/><\/figure>\n<\/figure>\n","protected":false},"excerpt":{"rendered":"<p>La profesora y Grabadora de nuestra Instituci\u00f3n, Araceli Medina participa en la Sociedad Argentina de Grabadores Xylon y nos comparte su obra. Xylon Argentina es una Sociedad de Grabadores, sin fines de lucro, cuyo objetivo principal es la valoraci\u00f3n, difusi\u00f3n y fomento del grabado en nuestro pa\u00eds. Les interesa generar debate sobre el qu\u00e9 hacer &#8230; <a title=\"Araceli Medina &#8211; Xylon Argentina\" class=\"read-more\" href=\"https:\/\/ecch-bue.infd.edu.ar\/sitio\/araceli-medina-xylon-argentina\/\" aria-label=\"More on Araceli Medina &#8211; Xylon Argentina\">[+]<\/a><\/p>\n","protected":false},"author":47,"featured_media":0,"comment_status":"closed","ping_status":"closed","sticky":false,"template":"","format":"standard","meta":[],"categories":[6],"tags":[],"acf":[],"_links":{"self":[{"href":"https:\/\/ecch-bue.infd.edu.ar\/sitio\/wp-json\/wp\/v2\/posts\/2174"}],"collection":[{"href":"https:\/\/ecch-bue.infd.edu.ar\/sitio\/wp-json\/wp\/v2\/posts"}],"about":[{"href":"https:\/\/ecch-bue.infd.edu.ar\/sitio\/wp-json\/wp\/v2\/types\/post"}],"author":[{"embeddable":true,"href":"https:\/\/ecch-bue.infd.edu.ar\/sitio\/wp-json\/wp\/v2\/users\/47"}],"replies":[{"embeddable":true,"href":"https:\/\/ecch-bue.infd.edu.ar\/sitio\/wp-json\/wp\/v2\/comments?post=2174"}],"version-history":[{"count":2,"href":"https:\/\/ecch-bue.infd.edu.ar\/sitio\/wp-json\/wp\/v2\/posts\/2174\/revisions"}],"predecessor-version":[{"id":2180,"href":"https:\/\/ecch-bue.infd.edu.ar\/sitio\/wp-json\/wp\/v2\/posts\/2174\/revisions\/2180"}],"wp:attachment":[{"href":"https:\/\/ecch-bue.infd.edu.ar\/sitio\/wp-json\/wp\/v2\/media?parent=2174"}],"wp:term":[{"taxonomy":"category","embeddable":true,"href":"https:\/\/ecch-bue.infd.edu.ar\/sitio\/wp-json\/wp\/v2\/categories?post=2174"},{"taxonomy":"post_tag","embeddable":true,"href":"https:\/\/ecch-bue.infd.edu.ar\/sitio\/wp-json\/wp\/v2\/tags?post=2174"}],"curies":[{"name":"wp","href":"https:\/\/api.w.org\/{rel}","templated":true}]}}