{"id":2219,"date":"2024-12-10T17:50:38","date_gmt":"2024-12-10T20:50:38","guid":{"rendered":"https:\/\/ecch-bue.infd.edu.ar\/sitio\/?p=2219"},"modified":"2024-12-26T11:28:25","modified_gmt":"2024-12-26T14:28:25","slug":"diseno-institucional","status":"publish","type":"post","link":"https:\/\/ecch-bue.infd.edu.ar\/sitio\/diseno-institucional\/","title":{"rendered":"Dise\u00f1o Institucional"},"content":{"rendered":"\n<p><strong>&#x2728;Creatividad al servicio de la comunidad educativa&#x1f4a1;<\/strong><\/p>\n\n\n\n<p>En el marco de la asignatura <strong>Dise\u00f1o Institucional<\/strong> de la Profesora y DCV Mar\u00eda Elena Gonz\u00e1lez, los estudiantes de 4\u00b0 a\u00f1o de la carrera de Dise\u00f1o Gr\u00e1fico han demostrado c\u00f3mo el dise\u00f1o puede impactar positivamente en nuestras comunidades. <\/p>\n\n\n\n<p>Este a\u00f1o, los futuros profesionales trabajaron en <strong>proyectos de identidad institucional<\/strong> para dos instituciones p\u00fablicas:<\/p>\n\n\n\n<p>&#x2705; <strong>Escuela de Educaci\u00f3n Especial N\u00b0 502 \u00ab25 de Mayo\u00bb<\/strong><br>Proyecto desarrollado con dedicaci\u00f3n y sensibilidad por <strong>Tom\u00e1s Faga<\/strong>, quien destac\u00f3 la importancia de la inclusi\u00f3n en cada detalle del dise\u00f1o.<\/p>\n\n\n\n<p>&#x2705; <strong>ISFDyT N\u00b0 57 \u00abJuana Paula Manso\u00bb<\/strong><br>Identidad creada por <strong>Agustina Garc\u00eda<\/strong>, fusionando innovaci\u00f3n y tradici\u00f3n para representar los valores de esta instituci\u00f3n formadora.<\/p>\n\n\n\n<p>&#x1f31f; Estos proyectos no s\u00f3lo reflejan talento y creatividad, sino tambi\u00e9n un fuerte compromiso social. Felicitamos a la Docente, a los estudiantes por su esfuerzo y a las instituciones por abrir sus puertas al trabajo colaborativo.<\/p>\n\n\n\n<figure class=\"wp-block-image size-large\"><img decoding=\"async\" loading=\"lazy\" width=\"1900\" height=\"1258\" src=\"https:\/\/ecch-bue.infd.edu.ar\/sitio\/wp-content\/uploads\/2024\/12\/DSC_0056-1900x1258.jpeg\" alt=\"\" class=\"wp-image-2220\" srcset=\"https:\/\/ecch-bue.infd.edu.ar\/sitio\/wp-content\/uploads\/2024\/12\/DSC_0056-1900x1258.jpeg 1900w, https:\/\/ecch-bue.infd.edu.ar\/sitio\/wp-content\/uploads\/2024\/12\/DSC_0056-1000x662.jpeg 1000w, https:\/\/ecch-bue.infd.edu.ar\/sitio\/wp-content\/uploads\/2024\/12\/DSC_0056-768x509.jpeg 768w, https:\/\/ecch-bue.infd.edu.ar\/sitio\/wp-content\/uploads\/2024\/12\/DSC_0056-1536x1017.jpeg 1536w, https:\/\/ecch-bue.infd.edu.ar\/sitio\/wp-content\/uploads\/2024\/12\/DSC_0056-2048x1356.jpeg 2048w\" sizes=\"(max-width: 1900px) 100vw, 1900px\" \/><\/figure>\n\n\n\n<figure class=\"wp-block-image size-large\"><img decoding=\"async\" loading=\"lazy\" width=\"1900\" height=\"1258\" src=\"https:\/\/ecch-bue.infd.edu.ar\/sitio\/wp-content\/uploads\/2024\/12\/DSC_0059-1900x1258.jpeg\" alt=\"\" class=\"wp-image-2222\" srcset=\"https:\/\/ecch-bue.infd.edu.ar\/sitio\/wp-content\/uploads\/2024\/12\/DSC_0059-1900x1258.jpeg 1900w, https:\/\/ecch-bue.infd.edu.ar\/sitio\/wp-content\/uploads\/2024\/12\/DSC_0059-1000x662.jpeg 1000w, https:\/\/ecch-bue.infd.edu.ar\/sitio\/wp-content\/uploads\/2024\/12\/DSC_0059-768x509.jpeg 768w, https:\/\/ecch-bue.infd.edu.ar\/sitio\/wp-content\/uploads\/2024\/12\/DSC_0059-1536x1017.jpeg 1536w, https:\/\/ecch-bue.infd.edu.ar\/sitio\/wp-content\/uploads\/2024\/12\/DSC_0059-2048x1356.jpeg 2048w\" sizes=\"(max-width: 1900px) 100vw, 1900px\" \/><\/figure>\n\n\n\n<figure class=\"wp-block-gallery has-nested-images columns-default is-cropped wp-block-gallery-1 is-layout-flex\">\n<figure class=\"wp-block-image size-large\"><img decoding=\"async\" loading=\"lazy\" width=\"1425\" height=\"1900\" data-id=\"2224\"  src=\"https:\/\/ecch-bue.infd.edu.ar\/sitio\/wp-content\/uploads\/2024\/12\/IMG_5211-1425x1900.jpg\" alt=\"\" class=\"wp-image-2224\" srcset=\"https:\/\/ecch-bue.infd.edu.ar\/sitio\/wp-content\/uploads\/2024\/12\/IMG_5211-1425x1900.jpg 1425w, https:\/\/ecch-bue.infd.edu.ar\/sitio\/wp-content\/uploads\/2024\/12\/IMG_5211-750x1000.jpg 750w, https:\/\/ecch-bue.infd.edu.ar\/sitio\/wp-content\/uploads\/2024\/12\/IMG_5211-768x1024.jpg 768w, https:\/\/ecch-bue.infd.edu.ar\/sitio\/wp-content\/uploads\/2024\/12\/IMG_5211-1152x1536.jpg 1152w, https:\/\/ecch-bue.infd.edu.ar\/sitio\/wp-content\/uploads\/2024\/12\/IMG_5211-1536x2048.jpg 1536w, https:\/\/ecch-bue.infd.edu.ar\/sitio\/wp-content\/uploads\/2024\/12\/IMG_5211-scaled.jpg 1920w\" sizes=\"(max-width: 1425px) 100vw, 1425px\" \/><\/figure>\n\n\n\n<figure class=\"wp-block-image size-large\"><img decoding=\"async\" loading=\"lazy\" width=\"1425\" height=\"1900\" data-id=\"2223\"  src=\"https:\/\/ecch-bue.infd.edu.ar\/sitio\/wp-content\/uploads\/2024\/12\/IMG_5213-1425x1900.jpg\" alt=\"\" class=\"wp-image-2223\" srcset=\"https:\/\/ecch-bue.infd.edu.ar\/sitio\/wp-content\/uploads\/2024\/12\/IMG_5213-1425x1900.jpg 1425w, https:\/\/ecch-bue.infd.edu.ar\/sitio\/wp-content\/uploads\/2024\/12\/IMG_5213-750x1000.jpg 750w, https:\/\/ecch-bue.infd.edu.ar\/sitio\/wp-content\/uploads\/2024\/12\/IMG_5213-768x1024.jpg 768w, https:\/\/ecch-bue.infd.edu.ar\/sitio\/wp-content\/uploads\/2024\/12\/IMG_5213-1152x1536.jpg 1152w, https:\/\/ecch-bue.infd.edu.ar\/sitio\/wp-content\/uploads\/2024\/12\/IMG_5213-1536x2048.jpg 1536w, https:\/\/ecch-bue.infd.edu.ar\/sitio\/wp-content\/uploads\/2024\/12\/IMG_5213-scaled.jpg 1920w\" sizes=\"(max-width: 1425px) 100vw, 1425px\" \/><\/figure>\n<\/figure>\n","protected":false},"excerpt":{"rendered":"<p>&#x2728;Creatividad al servicio de la comunidad educativa&#x1f4a1; En el marco de la asignatura Dise\u00f1o Institucional de la Profesora y DCV Mar\u00eda Elena Gonz\u00e1lez, los estudiantes de 4\u00b0 a\u00f1o de la carrera de Dise\u00f1o Gr\u00e1fico han demostrado c\u00f3mo el dise\u00f1o puede impactar positivamente en nuestras comunidades. Este a\u00f1o, los futuros profesionales trabajaron en proyectos de identidad &#8230; <a title=\"Dise\u00f1o Institucional\" class=\"read-more\" href=\"https:\/\/ecch-bue.infd.edu.ar\/sitio\/diseno-institucional\/\" aria-label=\"More on Dise\u00f1o Institucional\">[+]<\/a><\/p>\n","protected":false},"author":47,"featured_media":0,"comment_status":"closed","ping_status":"open","sticky":false,"template":"","format":"standard","meta":[],"categories":[8,7,6],"tags":[33,31,32],"acf":[],"_links":{"self":[{"href":"https:\/\/ecch-bue.infd.edu.ar\/sitio\/wp-json\/wp\/v2\/posts\/2219"}],"collection":[{"href":"https:\/\/ecch-bue.infd.edu.ar\/sitio\/wp-json\/wp\/v2\/posts"}],"about":[{"href":"https:\/\/ecch-bue.infd.edu.ar\/sitio\/wp-json\/wp\/v2\/types\/post"}],"author":[{"embeddable":true,"href":"https:\/\/ecch-bue.infd.edu.ar\/sitio\/wp-json\/wp\/v2\/users\/47"}],"replies":[{"embeddable":true,"href":"https:\/\/ecch-bue.infd.edu.ar\/sitio\/wp-json\/wp\/v2\/comments?post=2219"}],"version-history":[{"count":3,"href":"https:\/\/ecch-bue.infd.edu.ar\/sitio\/wp-json\/wp\/v2\/posts\/2219\/revisions"}],"predecessor-version":[{"id":2234,"href":"https:\/\/ecch-bue.infd.edu.ar\/sitio\/wp-json\/wp\/v2\/posts\/2219\/revisions\/2234"}],"wp:attachment":[{"href":"https:\/\/ecch-bue.infd.edu.ar\/sitio\/wp-json\/wp\/v2\/media?parent=2219"}],"wp:term":[{"taxonomy":"category","embeddable":true,"href":"https:\/\/ecch-bue.infd.edu.ar\/sitio\/wp-json\/wp\/v2\/categories?post=2219"},{"taxonomy":"post_tag","embeddable":true,"href":"https:\/\/ecch-bue.infd.edu.ar\/sitio\/wp-json\/wp\/v2\/tags?post=2219"}],"curies":[{"name":"wp","href":"https:\/\/api.w.org\/{rel}","templated":true}]}}