{"id":2245,"date":"2024-12-26T11:26:51","date_gmt":"2024-12-26T14:26:51","guid":{"rendered":"https:\/\/ecch-bue.infd.edu.ar\/sitio\/?p=2245"},"modified":"2024-12-26T11:27:56","modified_gmt":"2024-12-26T14:27:56","slug":"diseno-de-graficas-publicitarias-institucionales","status":"publish","type":"post","link":"https:\/\/ecch-bue.infd.edu.ar\/sitio\/diseno-de-graficas-publicitarias-institucionales\/","title":{"rendered":"Dise\u00f1o de Gr\u00e1ficas publicitarias institucionales"},"content":{"rendered":"\n<figure class=\"wp-block-image size-large\"><img decoding=\"async\" loading=\"lazy\" width=\"1900\" height=\"1271\" src=\"https:\/\/ecch-bue.infd.edu.ar\/sitio\/wp-content\/uploads\/2024\/12\/EscuelaDeCera\u0301micaDeChascomu\u0301s-1900x1271.jpg\" alt=\"\" class=\"wp-image-2246\" srcset=\"https:\/\/ecch-bue.infd.edu.ar\/sitio\/wp-content\/uploads\/2024\/12\/EscuelaDeCera\u0301micaDeChascomu\u0301s-1900x1271.jpg 1900w, https:\/\/ecch-bue.infd.edu.ar\/sitio\/wp-content\/uploads\/2024\/12\/EscuelaDeCera\u0301micaDeChascomu\u0301s-1000x669.jpg 1000w, https:\/\/ecch-bue.infd.edu.ar\/sitio\/wp-content\/uploads\/2024\/12\/EscuelaDeCera\u0301micaDeChascomu\u0301s-768x514.jpg 768w, https:\/\/ecch-bue.infd.edu.ar\/sitio\/wp-content\/uploads\/2024\/12\/EscuelaDeCera\u0301micaDeChascomu\u0301s-1536x1027.jpg 1536w, https:\/\/ecch-bue.infd.edu.ar\/sitio\/wp-content\/uploads\/2024\/12\/EscuelaDeCera\u0301micaDeChascomu\u0301s-2048x1369.jpg 2048w\" sizes=\"(max-width: 1900px) 100vw, 1900px\" \/><\/figure>\n\n\n\n<p>Estudiantes de las carreras de Dise\u00f1o Gr\u00e1fico e Ilustraci\u00f3n del Instituto de Formaci\u00f3n Art\u00edstica Escuela de Cer\u00e1mica de Chascom\u00fas unieron sus talentos para llevar adelante una colaboraci\u00f3n interdisciplinaria.<\/p>\n\n\n\n<p>Desde la carrera de Ilustraci\u00f3n, se desarroll\u00f3 la ilustraci\u00f3n base que sirvi\u00f3 como punto de partida creativo, reflejando la identidad y el esp\u00edritu art\u00edstico de nuestra instituci\u00f3n. Posteriormente, los estudiantes de Dise\u00f1o Gr\u00e1fico se encargaron de transformar esa pieza en una serie de gr\u00e1ficas impactantes y funcionales para la campa\u00f1a publicitaria de nuestra oferta acad\u00e9mica en redes sociales.<\/p>\n\n\n\n<p>Este trabajo en equipo no solo permiti\u00f3 explorar nuevas formas de expresi\u00f3n visual, sino que tambi\u00e9n fortaleci\u00f3 la conexi\u00f3n entre las disciplinas, mostrando el poder del dise\u00f1o y la ilustraci\u00f3n como herramientas complementarias para comunicar mensajes inspiradores y creativos.<\/p>\n\n\n\n<p>Materias: Gr\u00e1fica Asistida por Computadora Profesora Cecilia Ventura y Taller Multimedia.<\/p>\n\n\n\n<p>Estudiantes de Ilustraci\u00f3n: Santiago Garc\u00eda, Lautaro Medina Cuestas, B\u00e1rbara Bordeau, Maia Bustos y J\u00e9sica Dufour.<\/p>\n\n\n\n<figure class=\"wp-block-gallery has-nested-images columns-default is-cropped wp-block-gallery-1 is-layout-flex\">\n<figure class=\"wp-block-image size-large\"><img decoding=\"async\" loading=\"lazy\" width=\"1425\" height=\"1900\" data-id=\"2250\"  src=\"https:\/\/ecch-bue.infd.edu.ar\/sitio\/wp-content\/uploads\/2024\/12\/IMG_3219-2-1425x1900.jpg\" alt=\"\" class=\"wp-image-2250\" srcset=\"https:\/\/ecch-bue.infd.edu.ar\/sitio\/wp-content\/uploads\/2024\/12\/IMG_3219-2-1425x1900.jpg 1425w, https:\/\/ecch-bue.infd.edu.ar\/sitio\/wp-content\/uploads\/2024\/12\/IMG_3219-2-750x1000.jpg 750w, https:\/\/ecch-bue.infd.edu.ar\/sitio\/wp-content\/uploads\/2024\/12\/IMG_3219-2-768x1024.jpg 768w, https:\/\/ecch-bue.infd.edu.ar\/sitio\/wp-content\/uploads\/2024\/12\/IMG_3219-2-1152x1536.jpg 1152w, https:\/\/ecch-bue.infd.edu.ar\/sitio\/wp-content\/uploads\/2024\/12\/IMG_3219-2-1536x2048.jpg 1536w, https:\/\/ecch-bue.infd.edu.ar\/sitio\/wp-content\/uploads\/2024\/12\/IMG_3219-2-scaled.jpg 1920w\" sizes=\"(max-width: 1425px) 100vw, 1425px\" \/><\/figure>\n\n\n\n<figure class=\"wp-block-image size-large\"><img decoding=\"async\" loading=\"lazy\" width=\"1425\" height=\"1900\" data-id=\"2248\"  src=\"https:\/\/ecch-bue.infd.edu.ar\/sitio\/wp-content\/uploads\/2024\/12\/IMG_3233-2-1425x1900.jpg\" alt=\"\" class=\"wp-image-2248\" srcset=\"https:\/\/ecch-bue.infd.edu.ar\/sitio\/wp-content\/uploads\/2024\/12\/IMG_3233-2-1425x1900.jpg 1425w, https:\/\/ecch-bue.infd.edu.ar\/sitio\/wp-content\/uploads\/2024\/12\/IMG_3233-2-750x1000.jpg 750w, https:\/\/ecch-bue.infd.edu.ar\/sitio\/wp-content\/uploads\/2024\/12\/IMG_3233-2-768x1024.jpg 768w, https:\/\/ecch-bue.infd.edu.ar\/sitio\/wp-content\/uploads\/2024\/12\/IMG_3233-2-1152x1536.jpg 1152w, https:\/\/ecch-bue.infd.edu.ar\/sitio\/wp-content\/uploads\/2024\/12\/IMG_3233-2-1536x2048.jpg 1536w, https:\/\/ecch-bue.infd.edu.ar\/sitio\/wp-content\/uploads\/2024\/12\/IMG_3233-2-scaled.jpg 1920w\" sizes=\"(max-width: 1425px) 100vw, 1425px\" \/><\/figure>\n\n\n\n<figure class=\"wp-block-image size-large\"><img decoding=\"async\" loading=\"lazy\" width=\"1425\" height=\"1900\" data-id=\"2251\"  src=\"https:\/\/ecch-bue.infd.edu.ar\/sitio\/wp-content\/uploads\/2024\/12\/IMG_3237-2-1425x1900.jpg\" alt=\"\" class=\"wp-image-2251\" srcset=\"https:\/\/ecch-bue.infd.edu.ar\/sitio\/wp-content\/uploads\/2024\/12\/IMG_3237-2-1425x1900.jpg 1425w, https:\/\/ecch-bue.infd.edu.ar\/sitio\/wp-content\/uploads\/2024\/12\/IMG_3237-2-750x1000.jpg 750w, https:\/\/ecch-bue.infd.edu.ar\/sitio\/wp-content\/uploads\/2024\/12\/IMG_3237-2-768x1024.jpg 768w, https:\/\/ecch-bue.infd.edu.ar\/sitio\/wp-content\/uploads\/2024\/12\/IMG_3237-2-1152x1536.jpg 1152w, https:\/\/ecch-bue.infd.edu.ar\/sitio\/wp-content\/uploads\/2024\/12\/IMG_3237-2-1536x2048.jpg 1536w, https:\/\/ecch-bue.infd.edu.ar\/sitio\/wp-content\/uploads\/2024\/12\/IMG_3237-2-scaled.jpg 1920w\" sizes=\"(max-width: 1425px) 100vw, 1425px\" \/><\/figure>\n<\/figure>\n\n\n\n<p>Estudiantes Dise\u00f1o Gr\u00e1fico: Franco Videla, Daiana Andaluz, D\u00e9bora Zapata, Catalina Cerimele, Julieta Fegan, Valentina Guzm\u00e1n y Abril Pereyra.<\/p>\n\n\n\n<figure class=\"wp-block-gallery has-nested-images columns-default is-cropped wp-block-gallery-3 is-layout-flex\">\n<figure class=\"wp-block-image size-large\"><img decoding=\"async\" loading=\"lazy\" width=\"1425\" height=\"1900\" data-id=\"2255\"  src=\"https:\/\/ecch-bue.infd.edu.ar\/sitio\/wp-content\/uploads\/2024\/12\/IMG_3859-1425x1900.jpeg\" alt=\"\" class=\"wp-image-2255\" srcset=\"https:\/\/ecch-bue.infd.edu.ar\/sitio\/wp-content\/uploads\/2024\/12\/IMG_3859-1425x1900.jpeg 1425w, https:\/\/ecch-bue.infd.edu.ar\/sitio\/wp-content\/uploads\/2024\/12\/IMG_3859-750x1000.jpeg 750w, https:\/\/ecch-bue.infd.edu.ar\/sitio\/wp-content\/uploads\/2024\/12\/IMG_3859-768x1024.jpeg 768w, https:\/\/ecch-bue.infd.edu.ar\/sitio\/wp-content\/uploads\/2024\/12\/IMG_3859-1152x1536.jpeg 1152w, https:\/\/ecch-bue.infd.edu.ar\/sitio\/wp-content\/uploads\/2024\/12\/IMG_3859-1536x2048.jpeg 1536w, https:\/\/ecch-bue.infd.edu.ar\/sitio\/wp-content\/uploads\/2024\/12\/IMG_3859-scaled.jpeg 1920w\" sizes=\"(max-width: 1425px) 100vw, 1425px\" \/><\/figure>\n\n\n\n<figure class=\"wp-block-image size-large\"><img decoding=\"async\" loading=\"lazy\" width=\"1425\" height=\"1900\" data-id=\"2254\"  src=\"https:\/\/ecch-bue.infd.edu.ar\/sitio\/wp-content\/uploads\/2024\/12\/IMG_3860-1-1425x1900.jpeg\" alt=\"\" class=\"wp-image-2254\" srcset=\"https:\/\/ecch-bue.infd.edu.ar\/sitio\/wp-content\/uploads\/2024\/12\/IMG_3860-1-1425x1900.jpeg 1425w, https:\/\/ecch-bue.infd.edu.ar\/sitio\/wp-content\/uploads\/2024\/12\/IMG_3860-1-750x1000.jpeg 750w, https:\/\/ecch-bue.infd.edu.ar\/sitio\/wp-content\/uploads\/2024\/12\/IMG_3860-1-768x1024.jpeg 768w, https:\/\/ecch-bue.infd.edu.ar\/sitio\/wp-content\/uploads\/2024\/12\/IMG_3860-1-1152x1536.jpeg 1152w, https:\/\/ecch-bue.infd.edu.ar\/sitio\/wp-content\/uploads\/2024\/12\/IMG_3860-1-1536x2048.jpeg 1536w, https:\/\/ecch-bue.infd.edu.ar\/sitio\/wp-content\/uploads\/2024\/12\/IMG_3860-1-scaled.jpeg 1920w\" sizes=\"(max-width: 1425px) 100vw, 1425px\" \/><\/figure>\n\n\n\n<figure class=\"wp-block-image size-large\"><img decoding=\"async\" loading=\"lazy\" width=\"1069\" height=\"1900\" data-id=\"2256\"  src=\"https:\/\/ecch-bue.infd.edu.ar\/sitio\/wp-content\/uploads\/2024\/12\/IMG_4053-1069x1900.jpeg\" alt=\"\" class=\"wp-image-2256\" srcset=\"https:\/\/ecch-bue.infd.edu.ar\/sitio\/wp-content\/uploads\/2024\/12\/IMG_4053-1069x1900.jpeg 1069w, https:\/\/ecch-bue.infd.edu.ar\/sitio\/wp-content\/uploads\/2024\/12\/IMG_4053-563x1000.jpeg 563w, https:\/\/ecch-bue.infd.edu.ar\/sitio\/wp-content\/uploads\/2024\/12\/IMG_4053-768x1365.jpeg 768w, https:\/\/ecch-bue.infd.edu.ar\/sitio\/wp-content\/uploads\/2024\/12\/IMG_4053-864x1536.jpeg 864w, https:\/\/ecch-bue.infd.edu.ar\/sitio\/wp-content\/uploads\/2024\/12\/IMG_4053-1152x2048.jpeg 1152w, https:\/\/ecch-bue.infd.edu.ar\/sitio\/wp-content\/uploads\/2024\/12\/IMG_4053-scaled.jpeg 1440w\" sizes=\"(max-width: 1069px) 100vw, 1069px\" \/><\/figure>\n<\/figure>\n","protected":false},"excerpt":{"rendered":"<p>Estudiantes de las carreras de Dise\u00f1o Gr\u00e1fico e Ilustraci\u00f3n del Instituto de Formaci\u00f3n Art\u00edstica Escuela de Cer\u00e1mica de Chascom\u00fas unieron sus talentos para llevar adelante una colaboraci\u00f3n interdisciplinaria. Desde la carrera de Ilustraci\u00f3n, se desarroll\u00f3 la ilustraci\u00f3n base que sirvi\u00f3 como punto de partida creativo, reflejando la identidad y el esp\u00edritu art\u00edstico de nuestra instituci\u00f3n. &#8230; <a title=\"Dise\u00f1o de Gr\u00e1ficas publicitarias institucionales\" class=\"read-more\" href=\"https:\/\/ecch-bue.infd.edu.ar\/sitio\/diseno-de-graficas-publicitarias-institucionales\/\" aria-label=\"More on Dise\u00f1o de Gr\u00e1ficas publicitarias institucionales\">[+]<\/a><\/p>\n","protected":false},"author":47,"featured_media":0,"comment_status":"closed","ping_status":"closed","sticky":false,"template":"","format":"standard","meta":[],"categories":[8,7,6],"tags":[],"acf":[],"_links":{"self":[{"href":"https:\/\/ecch-bue.infd.edu.ar\/sitio\/wp-json\/wp\/v2\/posts\/2245"}],"collection":[{"href":"https:\/\/ecch-bue.infd.edu.ar\/sitio\/wp-json\/wp\/v2\/posts"}],"about":[{"href":"https:\/\/ecch-bue.infd.edu.ar\/sitio\/wp-json\/wp\/v2\/types\/post"}],"author":[{"embeddable":true,"href":"https:\/\/ecch-bue.infd.edu.ar\/sitio\/wp-json\/wp\/v2\/users\/47"}],"replies":[{"embeddable":true,"href":"https:\/\/ecch-bue.infd.edu.ar\/sitio\/wp-json\/wp\/v2\/comments?post=2245"}],"version-history":[{"count":1,"href":"https:\/\/ecch-bue.infd.edu.ar\/sitio\/wp-json\/wp\/v2\/posts\/2245\/revisions"}],"predecessor-version":[{"id":2257,"href":"https:\/\/ecch-bue.infd.edu.ar\/sitio\/wp-json\/wp\/v2\/posts\/2245\/revisions\/2257"}],"wp:attachment":[{"href":"https:\/\/ecch-bue.infd.edu.ar\/sitio\/wp-json\/wp\/v2\/media?parent=2245"}],"wp:term":[{"taxonomy":"category","embeddable":true,"href":"https:\/\/ecch-bue.infd.edu.ar\/sitio\/wp-json\/wp\/v2\/categories?post=2245"},{"taxonomy":"post_tag","embeddable":true,"href":"https:\/\/ecch-bue.infd.edu.ar\/sitio\/wp-json\/wp\/v2\/tags?post=2245"}],"curies":[{"name":"wp","href":"https:\/\/api.w.org\/{rel}","templated":true}]}}